{"id":1224,"date":"2019-05-30T18:38:25","date_gmt":"2019-05-30T16:38:25","guid":{"rendered":"http:\/\/ela-asso.lu\/?p=1224"},"modified":"2023-08-24T10:19:04","modified_gmt":"2023-08-24T08:19:04","slug":"1er-afterwalk-organise-par-ela-luxembourg-pour-vous-dire-merci","status":"publish","type":"post","link":"https:\/\/ela-asso.lu\/lu\/2019\/05\/30\/1er-afterwalk-organise-par-ela-luxembourg-pour-vous-dire-merci\/","title":{"rendered":"1er &#8222;Afterwalk&#8220; organis\u00e9 par ELA Luxembourg &#8211; Pour vous dire Merci"},"content":{"rendered":"<p>Pour cl\u00f4turer sa journ\u00e9e &#8222;Mets Tes Baskets&#8220; ELA vous invite chaleureusement \u00e0 son afterwalk !<br \/>\nRendez-vous jeudi 13 Juin, \u00e0 partir de 17h00 au Soho Bar (42-44 Rue de Hollerich, 1740 Luxembourg) pour une grande soir\u00e9e BBQ &#038; Animations<\/p>\n<p>L&#8217;ambiance sera conviviale, venez avec vos amis et coll\u00e8gues ! \u200d\u200d Si vous venez accompagn\u00e9(e), transmettez ce lien d&#8217;inscription \u00e0 votre +1 !<\/p>\n<p>P.S. Pour entrer, pensez \u00e0 prendre le bracelet rose ou le podom\u00e8tre que vous avez re\u00e7u en vous inscrivant \u00e0 l&#8217;op\u00e9ration Mets Tes Baskets.<\/p>\n","protected":false},"excerpt":{"rendered":"<p>Pour cl\u00f4turer sa journ\u00e9e &#8222;Mets Tes Baskets&#8220; ELA vous invite chaleureusement \u00e0 son afterwalk ! Rendez-vous jeudi 13 Juin, \u00e0 partir de 17h00 au Soho Bar (42-44 Rue de Hollerich, 1740 Luxembourg) pour une grande soir\u00e9e BBQ &#038; Animations L&#8217;ambiance sera conviviale, venez avec vos amis et coll\u00e8gues ! \u200d\u200d<span class=\"more-link\"><a href=\"https:\/\/ela-asso.lu\/lu\/2019\/05\/30\/1er-afterwalk-organise-par-ela-luxembourg-pour-vous-dire-merci\/\">Read More &rarr;<\/a><\/span><\/p>\n","protected":false},"author":1,"featured_media":1225,"comment_status":"closed","ping_status":"closed","sticky":false,"template":"","format":"standard","meta":{"two_page_speed":[]},"categories":[1],"tags":[],"_links":{"self":[{"href":"https:\/\/ela-asso.lu\/lu\/wp-json\/wp\/v2\/posts\/1224"}],"collection":[{"href":"https:\/\/ela-asso.lu\/lu\/wp-json\/wp\/v2\/posts"}],"about":[{"href":"https:\/\/ela-asso.lu\/lu\/wp-json\/wp\/v2\/types\/post"}],"author":[{"embeddable":true,"href":"https:\/\/ela-asso.lu\/lu\/wp-json\/wp\/v2\/users\/1"}],"replies":[{"embeddable":true,"href":"https:\/\/ela-asso.lu\/lu\/wp-json\/wp\/v2\/comments?post=1224"}],"version-history":[{"count":3,"href":"https:\/\/ela-asso.lu\/lu\/wp-json\/wp\/v2\/posts\/1224\/revisions"}],"predecessor-version":[{"id":1703,"href":"https:\/\/ela-asso.lu\/lu\/wp-json\/wp\/v2\/posts\/1224\/revisions\/1703"}],"wp:featuredmedia":[{"embeddable":true,"href":"https:\/\/ela-asso.lu\/lu\/wp-json\/wp\/v2\/media\/1225"}],"wp:attachment":[{"href":"https:\/\/ela-asso.lu\/lu\/wp-json\/wp\/v2\/media?parent=1224"}],"wp:term":[{"taxonomy":"category","embeddable":true,"href":"https:\/\/ela-asso.lu\/lu\/wp-json\/wp\/v2\/categories?post=1224"},{"taxonomy":"post_tag","embeddable":true,"href":"https:\/\/ela-asso.lu\/lu\/wp-json\/wp\/v2\/tags?post=1224"}],"curies":[{"name":"wp","href":"https:\/\/api.w.org\/{rel}","templated":true}]}}