{"id":1231,"date":"2019-06-02T12:24:49","date_gmt":"2019-06-02T10:24:49","guid":{"rendered":"http:\/\/ela-asso.lu\/?p=1231"},"modified":"2023-08-24T10:19:04","modified_gmt":"2023-08-24T08:19:04","slug":"samedi-8-juin-all-stars-by-ela","status":"publish","type":"post","link":"https:\/\/ela-asso.lu\/lu\/2019\/06\/02\/samedi-8-juin-all-stars-by-ela\/","title":{"rendered":"Ils \u00e9tELA! &#8211; parrains et footballeurs au grand coeur"},"content":{"rendered":"<p>Samedi 8 Juin, le stade Jos Haupert de Niederkorn s&#8217;est par\u00e9 des couleurs d\u2019ELA.<\/p>\n<p>A l\u2019occasion des f\u00eates de son centenaire, le FC Progr\u00e8s organisait un match de gala au profit de l\u2019association. L\u2019\u00e9quipe \u201cAll Stars by ELA\u201d, emmen\u00e9e par Jeff Strasser et Louis Saha, \u00e9tait compos\u00e9e de Jeff Strasser,\u00a0Louis Saha,\u00a0Nuno Gomes,\u00a0William Gallas, Micha\u00ebl Ciani, Arnaud Elonga, Philipp et David Degen, Mbo MPenza, Gregory Proment, Benjamin Nivet, Laurent Agouazi, S\u00e9bastien Renouard, Julien Quercia.<\/p>\n<p>Gilles Muller (Tennis) et Kim Kirchen (Cyclisme), parrains d&#8217;ELA Luxembourg faisaient \u00e9galement partie de l&#8217;\u00e9quipe.<\/p>\n<p>2 ambassadeurs de Mets Tes Baskets \u00e0 l&#8217;\u00e9cole, Joris Toril et Maxime Gaiccio ont eu la chance de pouvoir participer au match, ainsi que les 2 vainqueurs du tournoi de Teqball organis\u00e9 plus t\u00f4t dans la journ\u00e9e. Ils devraient s&#8217;en souvenir pendant longtemps.<\/p>\n<p>Tous sont venus porter haut les couleurs d\u2019ELA lors d\u2019une journ\u00e9e plac\u00e9e sous le signe de la solidarit\u00e9.<\/p>\n<p>La m\u00e9t\u00e9o capricieuse durant toute la semaine s&#8217;est finalement am\u00e9lior\u00e9e au coup d&#8217;envoi du match de lever de Rideau qui a vu la Victoire de\u00a0 l&#8217;\u00e9quipe ELA des moins de 13 sur un score de 2-0.<\/p>\n<p>A 18h, sous un soleil \u00e9clatant, le coup d&#8217;envoi du match de gala a \u00e9t\u00e9 donn\u00e9. Match qui a vu l&#8217;\u00e9quipe ELA l&#8217;emporter sur un score de 6-2. Mais le r\u00e9sultat comptait peu. Cette op\u00e9ration a permis de mettre en avant ELA et de sensibiliser l&#8217;opinion publique sur les leucodystrophies.<\/p>\n<p>Merci au FC Progr\u00e8s Niederkorn et tous les b\u00e9n\u00e9voles mobilis\u00e9s, acteurs essentiels de la r\u00e9ussite de cette operation.<\/p>\n<p>Merci \u00e0 tous les participants, partenaires et supports.<\/p>\n<p>Merci \u00e0 tous les parrains qui se sont rendus disponibles malgr\u00e9 des agendas extr\u00eamement charg\u00e9s<\/p>\n<p>Merci \u00e0 tous pour votre bonne humeur et votre bienveillance<\/p>\n","protected":false},"excerpt":{"rendered":"<p>Samedi 8 Juin, le stade Jos Haupert de Niederkorn s&#8217;est par\u00e9 des couleurs d\u2019ELA. A l\u2019occasion des f\u00eates de son centenaire, le FC Progr\u00e8s organisait un match de gala au profit de l\u2019association. L\u2019\u00e9quipe \u201cAll Stars by ELA\u201d, emmen\u00e9e par Jeff Strasser et Louis Saha, \u00e9tait compos\u00e9e de Jeff Strasser,\u00a0Louis<span class=\"more-link\"><a href=\"https:\/\/ela-asso.lu\/lu\/2019\/06\/02\/samedi-8-juin-all-stars-by-ela\/\">Read More &rarr;<\/a><\/span><\/p>\n","protected":false},"author":1,"featured_media":1246,"comment_status":"closed","ping_status":"closed","sticky":false,"template":"","format":"standard","meta":{"two_page_speed":[]},"categories":[10],"tags":[],"_links":{"self":[{"href":"https:\/\/ela-asso.lu\/lu\/wp-json\/wp\/v2\/posts\/1231"}],"collection":[{"href":"https:\/\/ela-asso.lu\/lu\/wp-json\/wp\/v2\/posts"}],"about":[{"href":"https:\/\/ela-asso.lu\/lu\/wp-json\/wp\/v2\/types\/post"}],"author":[{"embeddable":true,"href":"https:\/\/ela-asso.lu\/lu\/wp-json\/wp\/v2\/users\/1"}],"replies":[{"embeddable":true,"href":"https:\/\/ela-asso.lu\/lu\/wp-json\/wp\/v2\/comments?post=1231"}],"version-history":[{"count":5,"href":"https:\/\/ela-asso.lu\/lu\/wp-json\/wp\/v2\/posts\/1231\/revisions"}],"predecessor-version":[{"id":1606,"href":"https:\/\/ela-asso.lu\/lu\/wp-json\/wp\/v2\/posts\/1231\/revisions\/1606"}],"wp:featuredmedia":[{"embeddable":true,"href":"https:\/\/ela-asso.lu\/lu\/wp-json\/wp\/v2\/media\/1246"}],"wp:attachment":[{"href":"https:\/\/ela-asso.lu\/lu\/wp-json\/wp\/v2\/media?parent=1231"}],"wp:term":[{"taxonomy":"category","embeddable":true,"href":"https:\/\/ela-asso.lu\/lu\/wp-json\/wp\/v2\/categories?post=1231"},{"taxonomy":"post_tag","embeddable":true,"href":"https:\/\/ela-asso.lu\/lu\/wp-json\/wp\/v2\/tags?post=1231"}],"curies":[{"name":"wp","href":"https:\/\/api.w.org\/{rel}","templated":true}]}}