{"id":1718,"date":"2020-05-04T19:02:05","date_gmt":"2020-05-04T17:02:05","guid":{"rendered":"http:\/\/ela-asso.lu\/?p=1718"},"modified":"2023-08-24T10:19:03","modified_gmt":"2023-08-24T08:19:03","slug":"schleck-gran-fondo-on-ela","status":"publish","type":"post","link":"https:\/\/ela-asso.lu\/lu\/2020\/05\/04\/schleck-gran-fondo-on-ela\/","title":{"rendered":"Schleck Gran Fondo &#8211; On ELA!"},"content":{"rendered":"<p><img decoding=\"async\" loading=\"lazy\" class=\"wp-image-1190 aligncenter\" src=\"http:\/\/ela-asso.lu\/wp-content\/uploads\/2019\/05\/Logo.png\" alt=\"\" width=\"279\" height=\"278\" srcset=\"https:\/\/ela-asso.lu\/wp-content\/uploads\/2019\/05\/Logo.png 200w, https:\/\/ela-asso.lu\/wp-content\/uploads\/2019\/05\/Logo-150x150.png 150w\" sizes=\"(max-width: 279px) 100vw, 279px\" \/><\/p>\n<p>&nbsp;<\/p>\n<div>\n<p>Il y a quelques semaines, c&#8217;est avec regret que nous apprenions l&#8217;annulation du Schleck Gran Fondo 2020. Ce n&#8217;\u00e9tait que partie remise et aujourd&#8217;hui, c&#8217;est avec plaisir que nous pouvons vous annoncer la prochaine \u00e9dition du Schleck Gran Fondo.<\/p>\n<\/div>\n<p>En 2021, Fr\u00e4nk Schleck, parrain fid\u00e8le et soutien ind\u00e9fectible de l&#8217;association met en avant ELA Luxembourg \u00e0 l&#8217;occasion de la 4\u00e8me \u00e9dition du &#8222;Schleck Gran Fondo&#8220;. Cette course cycliste r\u00e9unissant plus 3 000 coureurs du monde entier se d\u00e9roule <strong>Samedi 29 Mai 2021<\/strong> au d\u00e9part de Mondorf-les-Bains.<\/p>\n<p>Vivez la course de l&#8217;int\u00e9rieur, rejoignez l&#8217;\u00e9quipe des b\u00e9n\u00e9voles pour quelques heures, et soutenez ELA.<\/p>\n<p>Ou profitez de cet \u00e9v\u00e8nement unique en famille en tant que spectateur ou en tant que comp\u00e9titeur. Le Village sera accessible aux b\u00e9n\u00e9voles ELA Vendredi 28 Mai dans l&#8217;apr\u00e8s midi et Samedi toute la journ\u00e9e. Chacun aura l&#8217;opportunit\u00e9 de rencontrer les coureurs le 28 au soir \u00e0 l&#8217;occasion de la &#8222;Pasta Party&#8220; organis\u00e9e pour l&#8217;occasion.<\/p>\n<blockquote class=\"wp-embedded-content\" data-secret=\"95lTxmlr4F\"><p><a href=\"https:\/\/schleck-x-perience.com\/fr\/granfondo\/\">Schleck Gran Fondo<\/a><\/p><\/blockquote>\n<p><iframe title=\"&#8220;Schleck Gran Fondo&#8221; &#8212; Schleck X-perience\" class=\"wp-embedded-content\" sandbox=\"allow-scripts\" security=\"restricted\" style=\"position: absolute; clip: rect(1px, 1px, 1px, 1px);\" src=\"https:\/\/schleck-x-perience.com\/fr\/granfondo\/embed\/#?secret=95lTxmlr4F\" data-secret=\"95lTxmlr4F\" width=\"600\" height=\"338\" frameborder=\"0\" marginwidth=\"0\" marginheight=\"0\" scrolling=\"no\"><\/iframe><\/p>\n","protected":false},"excerpt":{"rendered":"<p>&nbsp; Il y a quelques semaines, c&#8217;est avec regret que nous apprenions l&#8217;annulation du Schleck Gran Fondo 2020. Ce n&#8217;\u00e9tait que partie remise et aujourd&#8217;hui, c&#8217;est avec plaisir que nous pouvons vous annoncer la prochaine \u00e9dition du Schleck Gran Fondo. En 2021, Fr\u00e4nk Schleck, parrain fid\u00e8le et soutien ind\u00e9fectible de<span class=\"more-link\"><a href=\"https:\/\/ela-asso.lu\/lu\/2020\/05\/04\/schleck-gran-fondo-on-ela\/\">Read More &rarr;<\/a><\/span><\/p>\n","protected":false},"author":1,"featured_media":1720,"comment_status":"closed","ping_status":"closed","sticky":false,"template":"","format":"standard","meta":{"two_page_speed":[]},"categories":[10],"tags":[],"_links":{"self":[{"href":"https:\/\/ela-asso.lu\/lu\/wp-json\/wp\/v2\/posts\/1718"}],"collection":[{"href":"https:\/\/ela-asso.lu\/lu\/wp-json\/wp\/v2\/posts"}],"about":[{"href":"https:\/\/ela-asso.lu\/lu\/wp-json\/wp\/v2\/types\/post"}],"author":[{"embeddable":true,"href":"https:\/\/ela-asso.lu\/lu\/wp-json\/wp\/v2\/users\/1"}],"replies":[{"embeddable":true,"href":"https:\/\/ela-asso.lu\/lu\/wp-json\/wp\/v2\/comments?post=1718"}],"version-history":[{"count":5,"href":"https:\/\/ela-asso.lu\/lu\/wp-json\/wp\/v2\/posts\/1718\/revisions"}],"predecessor-version":[{"id":2003,"href":"https:\/\/ela-asso.lu\/lu\/wp-json\/wp\/v2\/posts\/1718\/revisions\/2003"}],"wp:featuredmedia":[{"embeddable":true,"href":"https:\/\/ela-asso.lu\/lu\/wp-json\/wp\/v2\/media\/1720"}],"wp:attachment":[{"href":"https:\/\/ela-asso.lu\/lu\/wp-json\/wp\/v2\/media?parent=1718"}],"wp:term":[{"taxonomy":"category","embeddable":true,"href":"https:\/\/ela-asso.lu\/lu\/wp-json\/wp\/v2\/categories?post=1718"},{"taxonomy":"post_tag","embeddable":true,"href":"https:\/\/ela-asso.lu\/lu\/wp-json\/wp\/v2\/tags?post=1718"}],"curies":[{"name":"wp","href":"https:\/\/api.w.org\/{rel}","templated":true}]}}