{"id":1741,"date":"2020-09-02T15:18:39","date_gmt":"2020-09-02T13:18:39","guid":{"rendered":"http:\/\/ela-asso.lu\/?p=1741"},"modified":"2023-08-24T10:19:03","modified_gmt":"2023-08-24T08:19:03","slug":"15-10-mtbe-2020","status":"publish","type":"post","link":"https:\/\/ela-asso.lu\/lu\/2020\/09\/02\/15-10-mtbe-2020\/","title":{"rendered":"Jeudi 15 Octobre 2020 &#8211; Mets Tes Baskets dans l&rsquo;Entreprise &#8211; 5\u00e8me \u00e9dition"},"content":{"rendered":"<h1 style=\"text-align: center;\"><big><span style=\"color: #e71d73;\"><strong>MTB: 5<sup>\u00e8me<\/sup> \u00e9dition<\/strong><\/span><\/big><\/h1>\n<p align=\"justify\"><big>Cette ann\u00e9e, cela fait 10 ans qu&#8217;ELA Luxembourg est reconnue d&#8217;utilit\u00e9 publique, et l&#8217;objectif est de financer un <strong>essai Clinique<\/strong>, signe que la recherche avance et que nous sommes \u00e0 l&#8217;aube des 1<sup>ers<\/sup> traitements. Cet essai repr\u00e9sente un espoir \u00e9norme pour les malades.<\/big><\/p>\n<p align=\"justify\"><big>La r\u00e9silience fait partie de notre quotidien, l&#8217;energie de l&#8217;espoir nous anime.<\/big><\/p>\n<p align=\"justify\"><big>Ainsi, la 5<sup>\u00e8me<\/sup> \u00e9dition de MTB se d\u00e9roulera jeudi 15 Octobre, avec des nouveaut\u00e9s permettant plus que jamais de <strong>connecter<\/strong> les collaborateurs \u00e0 leur soci\u00e9t\u00e9, de les <strong>f\u00e9d\u00e9rer<\/strong> autour d&#8217;un objectif commun, <strong>solidaire<\/strong>, o\u00f9 qu&#8217;ils se trouvent.<\/big><\/p>\n<p style=\"text-align: center;\" align=\"justify\"><a href=\"http:\/\/ela-asso.lu\/wp-content\/uploads\/2020\/06\/ELA-Luxembourg-MTBE_2020.pdf\"><img decoding=\"async\" class=\"aligncenter wp-image-2007 size-large\" title=\"Faites Equipe avec ELA LUXEMBOURG 2020\" src=\"http:\/\/ela-asso.lu\/wp-content\/uploads\/2020\/08\/Faites-Equipe-ELA-2020.png\" alt=\"Faites Equipe avec ELA LUXEMBOURG 2020\" width=\"80%\" \/><\/a><\/p>\n<p style=\"text-align: center;\"><big><span style=\"color: #e71d73;\"><big><strong>Rendez-vous le jeudi 15 Octobre 2020<\/strong><\/big><\/span><\/big><br \/>\n<span style=\"color: grey;\"><em>ou \u00e0 la date de votre choix<\/em><\/span><\/p>\n<p>L&#8217;op\u00e9ration \u00e9volue:<\/p>\n<ul>\n<li>Une<strong> App <\/strong>\u201c<strong>Made in Luxembourg<\/strong>\u201d a \u00e9t\u00e9 sp\u00e9cialement d\u00e9velopp\u00e9e pour offrir une alternative aux podom\u00e8tres, qui restent disponibles. Cette App r\u00e9pond \u00e0 toutes les r\u00e8gles en mati\u00e8re de protection des donn\u00e9es et propose un suivi en direct de l&#8217;op\u00e9ration pour les participants, ainsi qu&#8217;un tableau de bord interactif pour chaque soci\u00e9t\u00e9. <span style=\"color: #e71d73;\"><strong><a href=\"http:\/\/ela-asso.lu\/2020\/05\/29\/mets-tes-baskets-app\/\" target=\"_blank\" rel=\"noopener noreferrer\"> > D\u00e9couvrez l&#8217;App Mets Tes Baskets<\/a> ici <<\/strong><\/span><\/li>\n<li>Avec le support <strong>gratuit<\/strong> de nos <strong>partenaires<\/strong> <strong>sport, sant\u00e9 et bien-\u00eatre<\/strong>, sensibilisez vos collaborateurs sur leur capital humain et la n\u00e9cessit\u00e9 d&#8217;en prendre soin, de l&#8217;entretenir et de le d\u00e9velopper. Le jour de l&#8217;op\u00e9ration, nous vous proposons de mettre en place des ateliers sp\u00e9cifiques autour de ces 3 th\u00e8mes dans votre entreprise.<\/li>\n<\/ul>\n<p align=\"justify\">\u201cMets Tes Baskets\u201d est avant tout une op\u00e9ration solidaire qui prend en compte les contraintes inh\u00e9rentes \u00e0 chaque organisation en tant que telle, tout en r\u00e9pondant aux attentes des collaborateurs qui souhaitent devenir acteurs des initiatives RSE des organisations pour lesquelles ils travaillent.<\/p>\n<p align=\"justify\">L&#8217;op\u00e9ration est:<\/p>\n<ul>\n<li><strong>Cl\u00e9 en main :<\/strong> Vous choisissez la date, le p\u00e9rim\u00e8tre et le budget, ELA s&#8217;occupe de la logistique et des supports de communication<\/li>\n<li><strong>Sur-Mesure :<\/strong> \u201cMets Tes Baskets\u201d s&#8217;adapte quels que soient votre taille, secteur d&#8217;activit\u00e9, localisation<\/li>\n<li><strong>Non Contraignante :<\/strong> l&#8217;op\u00e9ration ne perturbe pas une journ\u00e9e normale de travail<\/li>\n<li><strong>Simple :<\/strong> \u00c9quipez vos collaborateurs de podom\u00e8tres ou t\u00e9l\u00e9chargez une App, et comptez vos pas pendant une journ\u00e9e, sur site ou en teletravail<\/li>\n<li><strong>Ludique :<\/strong> Animez vos pauses ou temps de d\u00e9jeuner avec des ateliers ou activit\u00e9s pour sensibiliser vos collaborateurs sur leur capital sant\u00e9, en pr\u00e9senciel ou en ligne<\/li>\n<li><strong>F\u00e9d\u00e9ratrice :<\/strong> Un objectif commun, solidaire, incluant tous les collaborateurs, sans barri\u00e8re hi\u00e9rarchique, de d\u00e9partements ou d&#8217;\u00e9quipes. Connecter les collaborateurs \u00e0 leur soci\u00e9t\u00e9.<\/li>\n<\/ul>\n<p>&nbsp;<\/p>\n<p style=\"text-align: center;\"><big><big>Rejoignez la plus belle \u00e9quipe, celle qui <strong>gagne<\/strong> contre les leucodystrophies !<\/big><\/big><\/p>\n<h2 style=\"text-align: center;\"><big><span style=\"color: #e71d73;\">Ensemble, allons d\u00e9crocher la lune pour ELA<\/span><\/big><\/h2>\n<p>&nbsp;<\/p>\n<p style=\"text-align: center;\"><span style=\"color: #e71d73;\"><big><strong>> Retrouvez toutes les infos <a href=\"http:\/\/ela-asso.lu\/wp-content\/uploads\/2020\/06\/ELA-Luxembourg-MTBE_2020.pdf\" target=\"_blank\" rel=\"noopener noreferrer\">Mets Tes Baskets dans l&#8217;Entreprise<\/a> ici <<\/strong><\/big><\/span><\/p>\n","protected":false},"excerpt":{"rendered":"<p>MTB: 5\u00e8me \u00e9dition Cette ann\u00e9e, cela fait 10 ans qu&#8217;ELA Luxembourg est reconnue d&#8217;utilit\u00e9 publique, et l&#8217;objectif est de financer un essai Clinique, signe que la recherche avance et que nous sommes \u00e0 l&#8217;aube des 1ers traitements. Cet essai repr\u00e9sente un espoir \u00e9norme pour les malades. La r\u00e9silience fait partie<span class=\"more-link\"><a href=\"https:\/\/ela-asso.lu\/lu\/2020\/09\/02\/15-10-mtbe-2020\/\">Read More &rarr;<\/a><\/span><\/p>\n","protected":false},"author":3,"featured_media":2084,"comment_status":"closed","ping_status":"closed","sticky":false,"template":"","format":"standard","meta":{"two_page_speed":[]},"categories":[11],"tags":[],"_links":{"self":[{"href":"https:\/\/ela-asso.lu\/lu\/wp-json\/wp\/v2\/posts\/1741"}],"collection":[{"href":"https:\/\/ela-asso.lu\/lu\/wp-json\/wp\/v2\/posts"}],"about":[{"href":"https:\/\/ela-asso.lu\/lu\/wp-json\/wp\/v2\/types\/post"}],"author":[{"embeddable":true,"href":"https:\/\/ela-asso.lu\/lu\/wp-json\/wp\/v2\/users\/3"}],"replies":[{"embeddable":true,"href":"https:\/\/ela-asso.lu\/lu\/wp-json\/wp\/v2\/comments?post=1741"}],"version-history":[{"count":25,"href":"https:\/\/ela-asso.lu\/lu\/wp-json\/wp\/v2\/posts\/1741\/revisions"}],"predecessor-version":[{"id":2254,"href":"https:\/\/ela-asso.lu\/lu\/wp-json\/wp\/v2\/posts\/1741\/revisions\/2254"}],"wp:featuredmedia":[{"embeddable":true,"href":"https:\/\/ela-asso.lu\/lu\/wp-json\/wp\/v2\/media\/2084"}],"wp:attachment":[{"href":"https:\/\/ela-asso.lu\/lu\/wp-json\/wp\/v2\/media?parent=1741"}],"wp:term":[{"taxonomy":"category","embeddable":true,"href":"https:\/\/ela-asso.lu\/lu\/wp-json\/wp\/v2\/categories?post=1741"},{"taxonomy":"post_tag","embeddable":true,"href":"https:\/\/ela-asso.lu\/lu\/wp-json\/wp\/v2\/tags?post=1741"}],"curies":[{"name":"wp","href":"https:\/\/api.w.org\/{rel}","templated":true}]}}