{"id":1767,"date":"2019-11-10T12:40:31","date_gmt":"2019-11-10T11:40:31","guid":{"rendered":"http:\/\/ela-asso.lu\/lu\/?p=1767"},"modified":"2023-08-24T10:19:03","modified_gmt":"2023-08-24T08:19:03","slug":"sportspress-met-ela-luxembourg-a-lhonneur","status":"publish","type":"post","link":"https:\/\/ela-asso.lu\/lu\/2019\/11\/10\/sportspress-met-ela-luxembourg-a-lhonneur\/","title":{"rendered":"Sportspress met ELA Luxembourg \u00e0 l&#8217;honneur"},"content":{"rendered":"<p><img decoding=\"async\" loading=\"lazy\" class=\"alignnone size-full wp-image-1768\" src=\"http:\/\/ela-asso.lu\/wp-content\/uploads\/2020\/03\/ELA-@-troph\u00e9e-des-sportifs-de-lann\u00e9e-2019.jpg\" alt=\"\" width=\"720\" height=\"960\" \/><\/p>\n<p><strong>\u201cELA Luxembourg, Association de l\u2019ann\u00e9e 2019!\u201d<\/strong><\/p>\n<p>C\u2019\u00e9tait Vendredi 5 D\u00e9cembre 2019, dans le cadre magnifique du Casino 2000 \u00e0 Mondorf, en pr\u00e9sence de S.A.R le Grand-Duc H\u00e9ritier Guillaume, que s\u2019est d\u00e9roul\u00e9e l\u2019\u00e9lection des meilleurs sportifs 2019. Chaque ann\u00e9e depuis 65 ans, l\u2019Association Luxembourgeoise des journalistes sportifs (Sportspress) d\u00e9cerne le troph\u00e9e des meilleurs sportifs de l\u2019ann\u00e9e. Cette ann\u00e9e, ELA Luxembourg s\u2019est vue remettre le Prix Sport et Handicap.<\/p>\n<p>C\u2019est devant plus de 500 personnes que Jean-Paul Friedrich, Pr\u00e9sident de l\u2019association a re\u00e7u le troph\u00e9e, et a pu expliquer son combat quotidien et les actions que nous menons afin de r\u00e9colter des dons. Discours qui a fait mouche, car en plus du troph\u00e9e, l\u2019association Sportpress a effectu\u00e9 un don significatif pour soutenir ELA, et de nombreux sportifs se sont engag\u00e9s \u00e0 nous soutenir. Ainsi, pas moins de 7 nouvelles marraines et parrains ont rejoint l\u2019association.<\/p>\n<p>Nous sommes extr\u00eamement honor\u00e9s d\u2019avoir re\u00e7u ce prix, r\u00e9compensant nos efforts durant l\u2019ann\u00e9e pour faire connaitre l\u2019association et sensibiliser l\u2019opinion sur les leucodystrophies. En 2020, nous allons nos investir encore plus, autour de toutes nos marraines et parrains, ambassadeurs impliqu\u00e9s et bienveillants.<\/p>\n<p>&nbsp;<\/p>\n","protected":false},"excerpt":{"rendered":"<p>\u201cELA Luxembourg, Association de l\u2019ann\u00e9e 2019!\u201d C\u2019\u00e9tait Vendredi 5 D\u00e9cembre 2019, dans le cadre magnifique du Casino 2000 \u00e0 Mondorf, en pr\u00e9sence de S.A.R le Grand-Duc H\u00e9ritier Guillaume, que s\u2019est d\u00e9roul\u00e9e l\u2019\u00e9lection des meilleurs sportifs 2019. Chaque ann\u00e9e depuis 65 ans, l\u2019Association Luxembourgeoise des journalistes sportifs (Sportspress) d\u00e9cerne le troph\u00e9e<span class=\"more-link\"><a href=\"https:\/\/ela-asso.lu\/lu\/2019\/11\/10\/sportspress-met-ela-luxembourg-a-lhonneur\/\">Read More &rarr;<\/a><\/span><\/p>\n","protected":false},"author":1,"featured_media":1768,"comment_status":"closed","ping_status":"closed","sticky":false,"template":"","format":"standard","meta":{"two_page_speed":[]},"categories":[14],"tags":[],"_links":{"self":[{"href":"https:\/\/ela-asso.lu\/lu\/wp-json\/wp\/v2\/posts\/1767"}],"collection":[{"href":"https:\/\/ela-asso.lu\/lu\/wp-json\/wp\/v2\/posts"}],"about":[{"href":"https:\/\/ela-asso.lu\/lu\/wp-json\/wp\/v2\/types\/post"}],"author":[{"embeddable":true,"href":"https:\/\/ela-asso.lu\/lu\/wp-json\/wp\/v2\/users\/1"}],"replies":[{"embeddable":true,"href":"https:\/\/ela-asso.lu\/lu\/wp-json\/wp\/v2\/comments?post=1767"}],"version-history":[{"count":7,"href":"https:\/\/ela-asso.lu\/lu\/wp-json\/wp\/v2\/posts\/1767\/revisions"}],"predecessor-version":[{"id":1775,"href":"https:\/\/ela-asso.lu\/lu\/wp-json\/wp\/v2\/posts\/1767\/revisions\/1775"}],"wp:featuredmedia":[{"embeddable":true,"href":"https:\/\/ela-asso.lu\/lu\/wp-json\/wp\/v2\/media\/1768"}],"wp:attachment":[{"href":"https:\/\/ela-asso.lu\/lu\/wp-json\/wp\/v2\/media?parent=1767"}],"wp:term":[{"taxonomy":"category","embeddable":true,"href":"https:\/\/ela-asso.lu\/lu\/wp-json\/wp\/v2\/categories?post=1767"},{"taxonomy":"post_tag","embeddable":true,"href":"https:\/\/ela-asso.lu\/lu\/wp-json\/wp\/v2\/tags?post=1767"}],"curies":[{"name":"wp","href":"https:\/\/api.w.org\/{rel}","templated":true}]}}