{"id":2257,"date":"2023-09-05T11:43:13","date_gmt":"2023-09-05T09:43:13","guid":{"rendered":"https:\/\/ela-asso.lu\/?p=2257"},"modified":"2023-09-05T11:43:13","modified_gmt":"2023-09-05T09:43:13","slug":"mtb-2023","status":"publish","type":"post","link":"https:\/\/ela-asso.lu\/lu\/2023\/09\/05\/mtb-2023\/","title":{"rendered":"MTB 2023"},"content":{"rendered":"<p>Cette ann\u00e9e, les entreprises se mobilisent quand elles le souhaitent, pouvant ainsi combiner l&#8217;op\u00e9ration &#8222;Mets Tes Baskets&#8220; avec un autre \u00e9v\u00e8nement interne.<\/p>\n<p>Comme chaque ann\u00e9e, il n&#8217;y a rien de plus simple que de mettre en place l&#8217;op\u00e9ration et soutenir les personnes concern\u00e9es par les leucodystrophies.<\/p>\n<p>Gr\u00e2ce \u00e0 l&#8217;app que nous avons sp\u00e9cifiquement d\u00e9velopp\u00e9e, chaque soci\u00e9t\u00e9 peut ainsi cr\u00e9er son propre challenge connect\u00e9, f\u00e9d\u00e9rer ses collaboratrices et collaborateurs, mais aussi, fournisseurs, clients, partenaires&#8230;., et ce, sans qu&#8217;il soit n\u00e9cessaire d&#8217;\u00eatre physiquement pr\u00e9sent sur le m\u00eame site.<\/p>\n<p>En 2023, plus que jamais ELA a besoin de vous pour acc\u00e9l\u00e9rer la recherche m\u00e9dicale et r\u00e9duire le temps qui nous s\u00e9pare des premiers traitements th\u00e9rapeutiques.<\/p>\n<p>&nbsp;<\/p>\n<p>Alors cette ann\u00e9e, &#8222;Mettez vos baskets pour ELA, et ensemble, battons la maladie&#8220;<\/p>\n","protected":false},"excerpt":{"rendered":"<p>Cette ann\u00e9e, les entreprises se mobilisent quand elles le souhaitent, pouvant ainsi combiner l&#8217;op\u00e9ration &#8222;Mets Tes Baskets&#8220; avec un autre \u00e9v\u00e8nement interne. Comme chaque ann\u00e9e, il n&#8217;y a rien de plus simple que de mettre en place l&#8217;op\u00e9ration et soutenir les personnes concern\u00e9es par les leucodystrophies. Gr\u00e2ce \u00e0 l&#8217;app que<span class=\"more-link\"><a href=\"https:\/\/ela-asso.lu\/lu\/2023\/09\/05\/mtb-2023\/\">Read More &rarr;<\/a><\/span><\/p>\n","protected":false},"author":1,"featured_media":0,"comment_status":"closed","ping_status":"closed","sticky":false,"template":"","format":"standard","meta":{"two_page_speed":[]},"categories":[17],"tags":[],"_links":{"self":[{"href":"https:\/\/ela-asso.lu\/lu\/wp-json\/wp\/v2\/posts\/2257"}],"collection":[{"href":"https:\/\/ela-asso.lu\/lu\/wp-json\/wp\/v2\/posts"}],"about":[{"href":"https:\/\/ela-asso.lu\/lu\/wp-json\/wp\/v2\/types\/post"}],"author":[{"embeddable":true,"href":"https:\/\/ela-asso.lu\/lu\/wp-json\/wp\/v2\/users\/1"}],"replies":[{"embeddable":true,"href":"https:\/\/ela-asso.lu\/lu\/wp-json\/wp\/v2\/comments?post=2257"}],"version-history":[{"count":1,"href":"https:\/\/ela-asso.lu\/lu\/wp-json\/wp\/v2\/posts\/2257\/revisions"}],"predecessor-version":[{"id":2258,"href":"https:\/\/ela-asso.lu\/lu\/wp-json\/wp\/v2\/posts\/2257\/revisions\/2258"}],"wp:attachment":[{"href":"https:\/\/ela-asso.lu\/lu\/wp-json\/wp\/v2\/media?parent=2257"}],"wp:term":[{"taxonomy":"category","embeddable":true,"href":"https:\/\/ela-asso.lu\/lu\/wp-json\/wp\/v2\/categories?post=2257"},{"taxonomy":"post_tag","embeddable":true,"href":"https:\/\/ela-asso.lu\/lu\/wp-json\/wp\/v2\/tags?post=2257"}],"curies":[{"name":"wp","href":"https:\/\/api.w.org\/{rel}","templated":true}]}}