{"id":562,"date":"2018-07-27T09:29:05","date_gmt":"2018-07-27T07:29:05","guid":{"rendered":"http:\/\/ela-asso.lu\/?p=562"},"modified":"2023-08-24T10:19:04","modified_gmt":"2023-08-24T08:19:04","slug":"mets-tes-baskets-dans-lentreprise-au-luxembourg-1re-edition-2","status":"publish","type":"post","link":"https:\/\/ela-asso.lu\/lu\/2018\/07\/27\/mets-tes-baskets-dans-lentreprise-au-luxembourg-1re-edition-2\/","title":{"rendered":"\u00ab Mets tes Baskets dans l\u2019Entreprise \u00bb au Luxembourg : 1re \u00e9dition"},"content":{"rendered":"<p>La premi\u00e8re journ\u00e9e nationale \u00ab Mets tes Baskets dans l\u2019entreprise \u00bb au Luxembourg s\u2019est d\u00e9roul\u00e9e le vendredi 10 juin 2016. Cette op\u00e9ration a mobilis\u00e9 une vingtaine d\u2019entreprises et ce sont pr\u00e8s de 3 000 collaborateurs qui, baskets aux pieds, ont march\u00e9 pour ELA. Un beau succ\u00e8s prometteur pour cette premi\u00e8re \u00e9dition. L\u2019objectif de cette journ\u00e9e \u00e9tait clair pour tout le monde : 1 pas = 1 centime d\u2019euro. Podom\u00e8tre \u00e0 la ceinture ou \u00e9quip\u00e9s de leur smartphone, les salari\u00e9s ont fait le maximum pour capitaliser le plus de pas possible et soutenir ainsi le combat d\u2019ELA contre les leucodystrophies. Le temps estival de cette journ\u00e9e a boost\u00e9 l\u2019ensemble des participants qui se sont d\u00e9pens\u00e9s sans compter.<\/p>\n<p><span style=\"color: #e41871;\"><strong>\u00c0 chacun sa m\u00e9thode<\/strong><\/span><\/p>\n<p>Si pour certains, ascenseurs et mails \u00e9taient proscrits pour la journ\u00e9e, d\u2019autres ont profit\u00e9 de la pause d\u00e9jeuner pour s\u2019adonner \u00e0 leur activit\u00e9 physique favorite (marche, jogging ou v\u00e9lo). Pour chacun, l\u2019important \u00e9tait de voir le nombre de pas augmenter sur leur podom\u00e8tre ou sur leur \u00e9cran de smartphone.<\/p>\n<p>Chez PwC, le hall de la soci\u00e9t\u00e9 \u00e9tait habill\u00e9 aux couleurs d\u2019ELA. Au centre, le stand d\u2019information sur les leucodystrophies tenu par ELA et les \u00e9quipes de Val\u00e9rie Arnold (Partner, Impact Investing leader) ne d\u00e9semplissait pas. Il est vrai que l\u2019on pouvait \u00e9galement y acheter des produits ELA et des tickets de tombola pour remporter un magnifique maillot de Cristiano Ronaldo d\u00e9dicac\u00e9 par plusieurs joueurs du Real de Madrid. Ce fut \u00e9galement l\u2019occasion de rencontrer et de saluer John Parkhouse (Directeur G\u00e9n\u00e9ral de PwC Luxembourg).<\/p>\n<p>Dimension Data avait choisi de mobiliser l\u2019ensemble du West Side Village \u00e0 Capellen. Gr\u00e2ce au dynamisme de Christophe Lambot (Directeur Financier de Dimension Data), Nicolas Lentgen (Marketing Coordinator Dimension Data) et en pr\u00e9sence d\u2019Olivier Posty (Directeur d\u2019exploitation de Dimension Data), diverses activit\u00e9s sportives \u00e9taient propos\u00e9es aux collaborateurs sur le temps de midi : Fitness, Ultimate frisbee, running, Parkour, cyclisme, guid\u00e9es par des professionnels de la discipline. Sans oublier, l\u2019incontournable barbecue anim\u00e9 par un DJ. Quelle que soit la m\u00e9thode choisie, tout le monde a jou\u00e9 le jeu et s\u2019est boug\u00e9 pour ELA.<\/p>\n<p><span style=\"color: #e41871;\"><strong>Sandrine Qu\u00e9tier et Jeff Stasser pr\u00e9sents \u00e0 Luxembourg pour la journ\u00e9e<\/strong><\/span><\/p>\n<p>Pour cette premi\u00e8re \u00e9dition au Luxembourg, Guy Alba, Pr\u00e9sident d\u2019ELA International, Jean-Luc Corti, Secr\u00e9taire G\u00e9n\u00e9ral d\u2019ELA International, accompagn\u00e9s de Sandrine Qu\u00e9tier, animatrice sur TF1 et membre d\u2019honneur d\u2019ELA et Jeff Strasser, entra\u00eeneur du Fola d\u2019Esch et parrain d\u2019ELA Luxembourg ont pu mesurer l\u2019engouement des salari\u00e9s. Pr\u00e9sents chez PwC et sur le site de Capellen, ils ont pu parler avec les salari\u00e9s de leur engagement aux c\u00f4t\u00e9s d\u2019ELA et des familles.<\/p>\n<p>Un grand merci aux entreprises qui ont particip\u00e9 \u00e0 cette premi\u00e8re journ\u00e9e nationale au Luxembourg :<\/p>\n<p style=\"text-align: center;\"><span style=\"color: #e41871;\">\u2022<\/span> Advanzia Bank<span style=\"color: #e41871;\"> \u2022<\/span> ALD Automotive <span style=\"color: #e41871;\">\u2022<\/span> Atoz<span style=\"color: #e41871;\"> \u2022<\/span> CTG <span style=\"color: #e41871;\">\u2022<\/span> Dimension Data <span style=\"color: #e41871;\">\u2022<\/span> EBRC <span style=\"color: #e41871;\">\u2022<\/span> Factory 4 <span style=\"color: #e41871;\">\u2022<\/span> Finexis <span style=\"color: #e41871;\">\u2022<\/span> Leaseplan<span style=\"color: #e41871;\"> \u2022<\/span> Les H\u00f4pitaux Robert Schumann <span style=\"color: #e41871;\">\u2022<\/span> Luther S.A.<span style=\"color: #e41871;\"> \u2022<\/span> PwC <span style=\"color: #e41871;\">\u2022<\/span> Renault Retail Group <span style=\"color: #e41871;\">\u2022<\/span> SD Worx <span style=\"color: #e41871;\">\u2022<\/span> Vanksen <span style=\"color: #e41871;\">\u2022<\/span> 42 Consulting<\/p>\n","protected":false},"excerpt":{"rendered":"<p>La premi\u00e8re journ\u00e9e nationale \u00ab Mets tes Baskets dans l\u2019entreprise \u00bb au Luxembourg s\u2019est d\u00e9roul\u00e9e le vendredi 10 juin 2016. Cette op\u00e9ration a mobilis\u00e9 une vingtaine d\u2019entreprises et ce sont pr\u00e8s de 3 000 collaborateurs qui, baskets aux pieds, ont march\u00e9 pour ELA. Un beau succ\u00e8s prometteur pour cette premi\u00e8re<span class=\"more-link\"><a href=\"https:\/\/ela-asso.lu\/lu\/2018\/07\/27\/mets-tes-baskets-dans-lentreprise-au-luxembourg-1re-edition-2\/\">Read More &rarr;<\/a><\/span><\/p>\n","protected":false},"author":1,"featured_media":154,"comment_status":"closed","ping_status":"closed","sticky":false,"template":"","format":"standard","meta":{"two_page_speed":[]},"categories":[11],"tags":[],"_links":{"self":[{"href":"https:\/\/ela-asso.lu\/lu\/wp-json\/wp\/v2\/posts\/562"}],"collection":[{"href":"https:\/\/ela-asso.lu\/lu\/wp-json\/wp\/v2\/posts"}],"about":[{"href":"https:\/\/ela-asso.lu\/lu\/wp-json\/wp\/v2\/types\/post"}],"author":[{"embeddable":true,"href":"https:\/\/ela-asso.lu\/lu\/wp-json\/wp\/v2\/users\/1"}],"replies":[{"embeddable":true,"href":"https:\/\/ela-asso.lu\/lu\/wp-json\/wp\/v2\/comments?post=562"}],"version-history":[{"count":2,"href":"https:\/\/ela-asso.lu\/lu\/wp-json\/wp\/v2\/posts\/562\/revisions"}],"predecessor-version":[{"id":564,"href":"https:\/\/ela-asso.lu\/lu\/wp-json\/wp\/v2\/posts\/562\/revisions\/564"}],"wp:featuredmedia":[{"embeddable":true,"href":"https:\/\/ela-asso.lu\/lu\/wp-json\/wp\/v2\/media\/154"}],"wp:attachment":[{"href":"https:\/\/ela-asso.lu\/lu\/wp-json\/wp\/v2\/media?parent=562"}],"wp:term":[{"taxonomy":"category","embeddable":true,"href":"https:\/\/ela-asso.lu\/lu\/wp-json\/wp\/v2\/categories?post=562"},{"taxonomy":"post_tag","embeddable":true,"href":"https:\/\/ela-asso.lu\/lu\/wp-json\/wp\/v2\/tags?post=562"}],"curies":[{"name":"wp","href":"https:\/\/api.w.org\/{rel}","templated":true}]}}