{"id":574,"date":"2018-07-27T11:20:25","date_gmt":"2018-07-27T09:20:25","guid":{"rendered":"http:\/\/ela-asso.lu\/?p=574"},"modified":"2023-08-24T10:19:04","modified_gmt":"2023-08-24T08:19:04","slug":"mets-tes-baskets-dans-lentreprise-2e-edition","status":"publish","type":"post","link":"https:\/\/ela-asso.lu\/lu\/2018\/07\/27\/mets-tes-baskets-dans-lentreprise-2e-edition\/","title":{"rendered":"&#8222;Mets Tes Baskets dans l\u2019Entreprise&#8220; au Luxembourg : 2e \u00e9dition"},"content":{"rendered":"<p><span style=\"color: #e41871;\"><strong>Le bilan de l\u2019op\u00e9ration \u00ab\u00a0Mets Tes Baskets dans l\u2019Entreprise\u00a0\u00bb au Luxembourg s\u2019est tenu le 26\u00a0octobre dans les locaux de la soci\u00e9t\u00e9 ATOZ \u00e0 Senningerberg. Un bilan tr\u00e8s encourageant pour cette seconde \u00e9dition qui a mobilis\u00e9 plus de 4 000 collaborateurs de 28 soci\u00e9t\u00e9s diff\u00e9rentes pour, afficher un montant de collecte s\u2019\u00e9levant \u00e0 plus de 137 000\u00a0\u20ac. Une belle progression par rapport \u00e0 l\u2019\u00e9dition pr\u00e9c\u00e9dente qui avait permis de collecter 71 847\u00a0\u20ac.<\/strong><\/span><\/p>\n<p>Les participants \u00e0 cette r\u00e9union bilan ont \u00e9t\u00e9 accueillis par Benjamin Bonvalot, Directeur des Ressources Humaines. Il en a profit\u00e9 pour rappeler la gen\u00e8se de la participation de la soci\u00e9t\u00e9 ATOZ \u00e0 l\u2019op\u00e9ration \u00ab\u00a0Mets Tes Baskets dans l\u2019Entreprise\u00a0\u00bb. Nouveau stagiaire dans la soci\u00e9t\u00e9, Jean Dequen dont le fr\u00e8re Vincent est d\u00e9c\u00e9d\u00e9 d\u2019une leucodystrophie en janvier 2016, n\u2019a pas h\u00e9sit\u00e9 \u00e0 proposer \u00e0 ses responsables de s\u2019engager aux c\u00f4t\u00e9s d\u2019ELA \u00e0 travers cette action de solidarit\u00e9. Depuis, ATOZ est devenu un fid\u00e8le soutien d\u2019ELA.<\/p>\n<p>Apr\u00e8s avoir remerci\u00e9 l\u2019ensemble des participants et salu\u00e9 leur engagement, Guy Alba, Pr\u00e9sident d\u2019ELA International, a rappel\u00e9 les raisons qui l\u2019ont amen\u00e9 \u00e0 cr\u00e9er ELA en 1992 et ELA International en 2015 avec la Belgique, la France, le Luxembourg et la Suisse. Il en a profit\u00e9 pour retracer les grandes \u00e9tapes de ces 25 ann\u00e9es de combat contre ces maladies, et faire un point sur les avanc\u00e9es de la recherche sur les leucodystrophies dont ELA est le premier financeur. Force est de constater que malgr\u00e9 les avanc\u00e9es incontestables, le chemin restant \u00e0 parcourir est encore long.<\/p>\n<p>Jean-Luc Corti, Secr\u00e9taire G\u00e9n\u00e9ral d\u2019ELA International a profit\u00e9 de l\u2019occasion pour rappeler l\u2019importance d\u2019accompagner et de soutenir au quotidien les familles concern\u00e9es. Cette mission est \u00e0 la charge de chacune des structures ELA. Nelly Mazzarol, maman d\u2019Olivier atteint de leucodystrophie, a pu expliquer l\u2019importance de ce soutien apport\u00e9 par ELA tant au point de vue psychologique, m\u00e9dico-social que financier.<\/p>\n<p>Puis ce fut au tour de Sylvie Nardi, partenaire d\u2019ELA, de rappeler le concept de l\u2019op\u00e9ration (1 pas =\u00a01 centime d\u2019euro) et de dresser le bilan de cette \u00e9dition 2017. D\u2019un point de vue comptable, les r\u00e9sultats affichent une nette augmentation par rapport \u00e0 l\u2019\u00e9dition 2016 (+ de 70\u00a0% d\u2019entreprises participantes, + de 60\u00a0% de collaborateurs mobilis\u00e9s et + de 90\u00a0% de fonds collect\u00e9s). Au-del\u00e0 de ces chiffres, il en ressort un r\u00e9el enthousiasme de la part des soci\u00e9t\u00e9s et de leurs collaborateurs pour participer \u00e0 cette op\u00e9ration solidaire, f\u00e9d\u00e9ratrice et conviviale s\u2019int\u00e9grant parfaitement dans la politique de Responsabilit\u00e9 Soci\u00e9tale des Entreprises. St\u00e9phanie Simon, Responsable des Ressources Humaines des Laboratoires Ketterthill a pr\u00e9sent\u00e9 le d\u00e9roulement de leur journ\u00e9e \u00ab\u00a0Mets tes baskets\u2026\u00a0\u00bb et deux petits films illustrant parfaitement le c\u00f4t\u00e9 f\u00e9d\u00e9rateur et mobilisateur de l\u2019op\u00e9ration.<\/p>\n<p><span style=\"color: #e41871;\"><strong>Un immense Merci aux entreprises ayant particip\u00e9 \u00e0 l\u2019\u00e9dition 2017 : \u2022 42 Consulting \u2022 ALD Automotive \u2022\u00a0ATOZ, B\u00e2timents moins chers \u2022 BNP Paribas \u2022 la Chambre de Commerce du Luxembourg \u2022 CTG \u2022 Dimension Data \u2022\u00a0EBRC \u2022 Econocom \u2022 Farad Group \u2022\u00a0Finexis \u2022 Grand Thornton \u2022 H\u00ebllef H\u00ebllefen \u2022 les H\u00f4pitaux Robert Schuman \u2022 Jobs.lu \u2022 KBL European Private Bankers SA \u2022 Les Laboratoires Ketterthill \u2022 Leaseplan \u2022 Luther SA \u2022\u00a0OneLife \u2022 Paypal \u2022 PwC \u2022 Randstad \u2022\u00a0Reka \u2022 Tralux.<\/strong><\/span><\/p>\n<p>&nbsp;<\/p>\n","protected":false},"excerpt":{"rendered":"<p>Le bilan de l\u2019op\u00e9ration \u00ab\u00a0Mets Tes Baskets dans l\u2019Entreprise\u00a0\u00bb au Luxembourg s\u2019est tenu le 26\u00a0octobre dans les locaux de la soci\u00e9t\u00e9 ATOZ \u00e0 Senningerberg. Un bilan tr\u00e8s encourageant pour cette seconde \u00e9dition qui a mobilis\u00e9 plus de 4 000 collaborateurs de 28 soci\u00e9t\u00e9s diff\u00e9rentes pour, afficher un montant de collecte<span class=\"more-link\"><a href=\"https:\/\/ela-asso.lu\/lu\/2018\/07\/27\/mets-tes-baskets-dans-lentreprise-2e-edition\/\">Read More &rarr;<\/a><\/span><\/p>\n","protected":false},"author":1,"featured_media":586,"comment_status":"closed","ping_status":"closed","sticky":false,"template":"","format":"standard","meta":{"two_page_speed":[]},"categories":[11],"tags":[],"_links":{"self":[{"href":"https:\/\/ela-asso.lu\/lu\/wp-json\/wp\/v2\/posts\/574"}],"collection":[{"href":"https:\/\/ela-asso.lu\/lu\/wp-json\/wp\/v2\/posts"}],"about":[{"href":"https:\/\/ela-asso.lu\/lu\/wp-json\/wp\/v2\/types\/post"}],"author":[{"embeddable":true,"href":"https:\/\/ela-asso.lu\/lu\/wp-json\/wp\/v2\/users\/1"}],"replies":[{"embeddable":true,"href":"https:\/\/ela-asso.lu\/lu\/wp-json\/wp\/v2\/comments?post=574"}],"version-history":[{"count":4,"href":"https:\/\/ela-asso.lu\/lu\/wp-json\/wp\/v2\/posts\/574\/revisions"}],"predecessor-version":[{"id":708,"href":"https:\/\/ela-asso.lu\/lu\/wp-json\/wp\/v2\/posts\/574\/revisions\/708"}],"wp:featuredmedia":[{"embeddable":true,"href":"https:\/\/ela-asso.lu\/lu\/wp-json\/wp\/v2\/media\/586"}],"wp:attachment":[{"href":"https:\/\/ela-asso.lu\/lu\/wp-json\/wp\/v2\/media?parent=574"}],"wp:term":[{"taxonomy":"category","embeddable":true,"href":"https:\/\/ela-asso.lu\/lu\/wp-json\/wp\/v2\/categories?post=574"},{"taxonomy":"post_tag","embeddable":true,"href":"https:\/\/ela-asso.lu\/lu\/wp-json\/wp\/v2\/tags?post=574"}],"curies":[{"name":"wp","href":"https:\/\/api.w.org\/{rel}","templated":true}]}}