{"id":579,"date":"2018-07-27T11:26:49","date_gmt":"2018-07-27T09:26:49","guid":{"rendered":"http:\/\/ela-asso.lu\/?p=579"},"modified":"2023-08-24T10:19:04","modified_gmt":"2023-08-24T08:19:04","slug":"mets-tes-baskets-dans-lentreprise-au-luxembourg-3e-edition","status":"publish","type":"post","link":"https:\/\/ela-asso.lu\/lu\/2018\/07\/27\/mets-tes-baskets-dans-lentreprise-au-luxembourg-3e-edition\/","title":{"rendered":"&#8222;Mets Tes Baskets dans l&#8217;Entreprise&#8220; au Luxembourg : 3e \u00e9dition"},"content":{"rendered":"<p><strong>Le vendredi 15 juin 2018 a eu lieu la 3e \u00e9dition de l\u2019op\u00e9ration Mets Tes Baskets dans l\u2019Entreprise au Luxembourg\u00a0g\u00e9n\u00e9rant plus de 100 000 \u20ac de dons.<\/strong><\/p>\n<p>Cette 3e \u00e9dition a connu une mobilisation importante tant au niveau des parrains que des entreprises. En effet, 28 entreprises ont \u00e9t\u00e9 partenaires :<\/p>\n<p style=\"text-align: center;\"><span style=\"color: #e41871;\">\u2022<\/span> 42 Consulting <span style=\"color: #e41871;\">\u2022<\/span> Akt One <span style=\"color: #e41871;\">\u2022<\/span> AFC Benelux\u00a0<span style=\"color: #e41871;\">\u2022<\/span> ALD Automotive <span style=\"color: #e41871;\">\u2022<\/span> Atoz<span style=\"color: #e41871;\"> \u2022<\/span> AXA<span style=\"color: #e41871;\"> \u2022<\/span> B\u00e2timents moins chers <span style=\"color: #e41871;\">\u2022<\/span> BioneXtLab<span style=\"color: #e41871;\"> \u2022<\/span> CACEIS Bank <span style=\"color: #e41871;\">\u2022<\/span> Catella Bank<span style=\"color: #e41871;\"> \u2022<\/span> Chambre de Commerce <span style=\"color: #e41871;\">\u2022<\/span> Dimension Data<span style=\"color: #e41871;\"> \u2022<\/span> Docler Holding <span style=\"color: #e41871;\">\u2022<\/span> Econocom <span style=\"color: #e41871;\">\u2022<\/span> Finexis <span style=\"color: #e41871;\">\u2022<\/span> G\u00e9n\u00e9rali Fund Management <span style=\"color: #e41871;\">\u2022<\/span> Grant Thornton <span style=\"color: #e41871;\">\u2022<\/span> H\u00f4pitaux Robert Schuman <span style=\"color: #e41871;\">\u2022<\/span> Jobs.lu <span style=\"color: #e41871;\">\u2022<\/span> Luther S.A. <span style=\"color: #e41871;\">\u2022<\/span> OneLife <span style=\"color: #e41871;\">\u2022<\/span> Paypal<span style=\"color: #e41871;\"> \u2022<\/span> Randstad<span style=\"color: #e41871;\"> \u2022<\/span> R\u00e9ka <span style=\"color: #e41871;\">\u2022<\/span> TridentTrust\u2026<\/p>\n<p>Les entreprises impliqu\u00e9es ont mis en place de nombreuses op\u00e9rations afin de mobiliser le plus grand nombre de collaborateurs. Plusieurs parrains et membres de l&#8217;association se sont rendus sur place afin d\u2019aller \u00e0 la rencontre des participants et d\u2019\u00e9changer sur cet acte de solidarit\u00e9 qui est aussi un moyen de sensibiliser \u00e0 la sant\u00e9 et au bien-\u00eatre. Cela a donn\u00e9 lieu \u00e0 des actions de sensibilisation dont le but premier a \u00e9t\u00e9 atteint : toucher le plus grand nombre afin de faire progresser la recherche sur les leucodystrophies et de soutenir les familles.<\/p>\n<p><strong><span style=\"color: #e41871;\">La prochaine \u00e9dition se d\u00e9roulera le jeudi 13 Juin 2019.<\/span><\/strong><\/p>\n","protected":false},"excerpt":{"rendered":"<p>Le vendredi 15 juin 2018 a eu lieu la 3e \u00e9dition de l\u2019op\u00e9ration Mets Tes Baskets dans l\u2019Entreprise au Luxembourg\u00a0g\u00e9n\u00e9rant plus de 100 000 \u20ac de dons. Cette 3e \u00e9dition a connu une mobilisation importante tant au niveau des parrains que des entreprises. En effet, 28 entreprises ont \u00e9t\u00e9 partenaires<span class=\"more-link\"><a href=\"https:\/\/ela-asso.lu\/lu\/2018\/07\/27\/mets-tes-baskets-dans-lentreprise-au-luxembourg-3e-edition\/\">Read More &rarr;<\/a><\/span><\/p>\n","protected":false},"author":1,"featured_media":745,"comment_status":"closed","ping_status":"closed","sticky":false,"template":"","format":"standard","meta":{"two_page_speed":[]},"categories":[11],"tags":[],"_links":{"self":[{"href":"https:\/\/ela-asso.lu\/lu\/wp-json\/wp\/v2\/posts\/579"}],"collection":[{"href":"https:\/\/ela-asso.lu\/lu\/wp-json\/wp\/v2\/posts"}],"about":[{"href":"https:\/\/ela-asso.lu\/lu\/wp-json\/wp\/v2\/types\/post"}],"author":[{"embeddable":true,"href":"https:\/\/ela-asso.lu\/lu\/wp-json\/wp\/v2\/users\/1"}],"replies":[{"embeddable":true,"href":"https:\/\/ela-asso.lu\/lu\/wp-json\/wp\/v2\/comments?post=579"}],"version-history":[{"count":8,"href":"https:\/\/ela-asso.lu\/lu\/wp-json\/wp\/v2\/posts\/579\/revisions"}],"predecessor-version":[{"id":747,"href":"https:\/\/ela-asso.lu\/lu\/wp-json\/wp\/v2\/posts\/579\/revisions\/747"}],"wp:featuredmedia":[{"embeddable":true,"href":"https:\/\/ela-asso.lu\/lu\/wp-json\/wp\/v2\/media\/745"}],"wp:attachment":[{"href":"https:\/\/ela-asso.lu\/lu\/wp-json\/wp\/v2\/media?parent=579"}],"wp:term":[{"taxonomy":"category","embeddable":true,"href":"https:\/\/ela-asso.lu\/lu\/wp-json\/wp\/v2\/categories?post=579"},{"taxonomy":"post_tag","embeddable":true,"href":"https:\/\/ela-asso.lu\/lu\/wp-json\/wp\/v2\/tags?post=579"}],"curies":[{"name":"wp","href":"https:\/\/api.w.org\/{rel}","templated":true}]}}