{"id":933,"date":"2019-06-01T16:28:23","date_gmt":"2019-06-01T14:28:23","guid":{"rendered":"http:\/\/ela-asso.lu\/?p=933"},"modified":"2023-08-24T10:19:04","modified_gmt":"2023-08-24T08:19:04","slug":"zidane-entraineur-dela","status":"publish","type":"post","link":"https:\/\/ela-asso.lu\/lu\/2019\/06\/01\/zidane-entraineur-dela\/","title":{"rendered":"Zidane entra\u00eeneur d\u2019ELA"},"content":{"rendered":"<p>Depuis 20 ans Zin\u00e9dine Zidane est fid\u00e8le \u00e0 la plus belle \u00e9quipe du monde : celle qui se bat pour gagner contre la maladie.<br \/>\nAujourd\u2019hui, il redevient entra\u00eeneur dans le vestiaire d\u2019ELA pour lancer une nouvelle campagne\u2026<\/p>\n<p>Faites partager au plus grand nombre, vous, les m\u00e9dias, afin qu\u2019il fasse des \u00e9mules ! On a besoin de vous\u2026<\/p>\n<p>ELA revient \u00e0 la t\u00e9l\u00e9vision, pour plus que jamais motiver et encourager les donateurs avec un coach prestigieux : Zin\u00e9dine Zidane.<\/p>\n<p>Chaque semaine en Europe, entre 20 et 40 enfants (3 \u00e0 6 en France) naissent atteints de leucodystrophie.<br \/>\nCe sont des maladies g\u00e9n\u00e9tiques qui attaquent le syst\u00e8me nerveux et alt\u00e8rent progressivement toutes les fonctions vitales. Depuis 26 ans, ELA (Association Europ\u00e9enne contre les Leucodystrophies) aide les laboratoires de recherche fran\u00e7ais et internationaux \u00e0 mieux en comprendre les m\u00e9canismes. 511programmes de recherche ont ainsi \u00e9t\u00e9 financ\u00e9s, et les r\u00e9sultats obtenus permettent aujourd\u2019hui de tester des traitements in\u00e9dits, porteurs d\u2019espoir. Mais le combat n\u2019est pas encore gagn\u00e9. Et il faut continuer \u00e0 aider les familles qui font face \u00e0 des d\u00e9penses lourdes (fauteuils, \u00e9quipement de la maison\u2026). C\u2019est pourquoi ELA revient \u00e0 la t\u00e9l\u00e9vision solliciter, avec la complicit\u00e9 de notre parrain Zin\u00e9dine Zidane, la g\u00e9n\u00e9rosit\u00e9 des donateurs.<\/p>\n<p>Pour cette nouvelle campagne, il est mis en sc\u00e8ne, non plus dans son r\u00f4le de joueur, mais pour la premi\u00e8re fois dans son r\u00f4le d\u2019entra\u00eeneur\u2026 qui s\u2019adresse \u00e0 une \u00e9quipe incroyable\u2026 Zidane aurait secr\u00e8tement retrouv\u00e9 un banc ?<br \/>\nOn d\u00e9couvre qu\u2019il s\u2019agit non pas \u00e9videmment d\u2019une \u00e9quipe de football, mais d\u2019un groupe de chercheurs ELA.<\/p>\n<p>Dans ce spot, ce ne sont pas des com\u00e9diens qui ont \u00e9t\u00e9 mis en face de lui, mais bien, nos v\u00e9ritables chercheurs.\u00a0ELA \u00e9tant d\u00e9sormais pr\u00e9sent dans plusieurs pays d\u2019Europe, le film sera \u00e9galement diffus\u00e9 en Espagne, Belgique, Italie, Allemagne et au Luxembourg.<\/p>\n<p><strong>Voir le clip :<\/strong><\/p>\n<div style=\"width: 720px;\" class=\"wp-video\"><!--[if lt IE 9]><script>document.createElement('video');<\/script><![endif]-->\n<video class=\"wp-video-shortcode\" id=\"video-933-1\" width=\"720\" height=\"576\" poster=\"http:\/\/ela-asso.lu\/wp-content\/uploads\/2019\/01\/clip.jpg\" autoplay=\"1\" preload=\"metadata\" controls=\"controls\"><source type=\"video\/mp4\" src=\"http:\/\/ela-asso.lu\/wp-content\/uploads\/2019\/01\/ELA_LU.mp4?_=1\" \/><a href=\"http:\/\/ela-asso.lu\/wp-content\/uploads\/2019\/01\/ELA_LU.mp4\">http:\/\/ela-asso.lu\/wp-content\/uploads\/2019\/01\/ELA_LU.mp4<\/a><\/video><\/div>\n<p>&nbsp;<\/p>\n","protected":false},"excerpt":{"rendered":"<p>Depuis 20 ans Zin\u00e9dine Zidane est fid\u00e8le \u00e0 la plus belle \u00e9quipe du monde : celle qui se bat pour gagner contre la maladie. Aujourd\u2019hui, il redevient entra\u00eeneur dans le vestiaire d\u2019ELA pour lancer une nouvelle campagne\u2026 Faites partager au plus grand nombre, vous, les m\u00e9dias, afin qu\u2019il fasse des<span class=\"more-link\"><a href=\"https:\/\/ela-asso.lu\/lu\/2019\/06\/01\/zidane-entraineur-dela\/\">Read More &rarr;<\/a><\/span><\/p>\n","protected":false},"author":1,"featured_media":934,"comment_status":"closed","ping_status":"closed","sticky":false,"template":"","format":"standard","meta":{"two_page_speed":[]},"categories":[12,10],"tags":[],"_links":{"self":[{"href":"https:\/\/ela-asso.lu\/lu\/wp-json\/wp\/v2\/posts\/933"}],"collection":[{"href":"https:\/\/ela-asso.lu\/lu\/wp-json\/wp\/v2\/posts"}],"about":[{"href":"https:\/\/ela-asso.lu\/lu\/wp-json\/wp\/v2\/types\/post"}],"author":[{"embeddable":true,"href":"https:\/\/ela-asso.lu\/lu\/wp-json\/wp\/v2\/users\/1"}],"replies":[{"embeddable":true,"href":"https:\/\/ela-asso.lu\/lu\/wp-json\/wp\/v2\/comments?post=933"}],"version-history":[{"count":6,"href":"https:\/\/ela-asso.lu\/lu\/wp-json\/wp\/v2\/posts\/933\/revisions"}],"predecessor-version":[{"id":997,"href":"https:\/\/ela-asso.lu\/lu\/wp-json\/wp\/v2\/posts\/933\/revisions\/997"}],"wp:featuredmedia":[{"embeddable":true,"href":"https:\/\/ela-asso.lu\/lu\/wp-json\/wp\/v2\/media\/934"}],"wp:attachment":[{"href":"https:\/\/ela-asso.lu\/lu\/wp-json\/wp\/v2\/media?parent=933"}],"wp:term":[{"taxonomy":"category","embeddable":true,"href":"https:\/\/ela-asso.lu\/lu\/wp-json\/wp\/v2\/categories?post=933"},{"taxonomy":"post_tag","embeddable":true,"href":"https:\/\/ela-asso.lu\/lu\/wp-json\/wp\/v2\/tags?post=933"}],"curies":[{"name":"wp","href":"https:\/\/api.w.org\/{rel}","templated":true}]}}